{"id":11501,"date":"2024-12-13T10:44:24","date_gmt":"2024-12-13T13:44:24","guid":{"rendered":"https:\/\/acontecenoreconcavo.com.br\/?p=11501"},"modified":"2024-12-13T10:44:24","modified_gmt":"2024-12-13T13:44:24","slug":"aids-tem-aumento-de-casos-porem-queda-de-mortalidade-desde-2013","status":"publish","type":"post","link":"https:\/\/acontecenoreconcavo.com.br\/index.php\/2024\/12\/13\/aids-tem-aumento-de-casos-porem-queda-de-mortalidade-desde-2013\/","title":{"rendered":"AIDS tem aumento de casos por\u00e9m queda de mortalidade desde 2013"},"content":{"rendered":"\n<p>No \u00faltimo ano, foi registrado mais de&nbsp;38 mil novos casos de HIV em territ\u00f3rio brasileiro,&nbsp;o que representa um aumento de 4,5% em rela\u00e7\u00e3o ao ano anterior. Apesar do crescimento nos diagn\u00f3sticos, as mortes por AIDS ca\u00edram para 10.338, a menor taxa em uma d\u00e9cada, de acordo com dados divulgados nesta quinta-feira (12) pelo Minist\u00e9rio da Sa\u00fade. A amplia\u00e7\u00e3o do acesso \u00e0 Profilaxia Pr\u00e9-Exposi\u00e7\u00e3o (PrEP) foi apontada como um dos fatores respons\u00e1veis pelo aumento de casos, j\u00e1 que mais pessoas realizaram testes e iniciaram tratamento.<\/p>\n\n\n\n<p>A maior taxa de detec\u00e7\u00e3o foi observada nas regi\u00f5es Norte e Sul do Brasil, com destaque para homens na faixa et\u00e1ria de 25 a 29 anos. O Minist\u00e9rio da Sa\u00fade tamb\u00e9m ressaltou que 96% das pessoas com HIV, que antes desconheciam sua condi\u00e7\u00e3o, foram diagnosticadas no ano passado, aproximando o pa\u00eds da meta da ONU de eliminar a AIDS at\u00e9 2030. O Brasil j\u00e1 alcan\u00e7ou 109 mil pessoas em tratamento com PrEP, um aumento consider\u00e1vel em compara\u00e7\u00e3o com 2022.<\/p>\n\n\n\n<p>Embora os n\u00fameros de novos casos tenham subido, a mortalidade pela doen\u00e7a apresentou uma queda significativa, refletindo os avan\u00e7os no tratamento e diagn\u00f3stico. O desafio, agora, \u00e9 retomar o acompanhamento de pessoas que interromperam o tratamento, o que ser\u00e1 fundamental para continuar avan\u00e7ando nas metas de controle da infec\u00e7\u00e3o.<\/p>\n\n\n\n<p>Fonte: Varela Net<\/p>\n","protected":false},"excerpt":{"rendered":"<p>No \u00faltimo ano, foi registrado mais de&nbsp;38 mil novos casos de HIV em territ\u00f3rio brasileiro,&nbsp;o que representa um aumento de 4,5% em rela\u00e7\u00e3o ao ano anterior. Apesar do crescimento nos diagn\u00f3sticos, as mortes por AIDS ca\u00edram para 10.338, a menor taxa em uma d\u00e9cada, de acordo com dados divulgados nesta quinta-feira (12) pelo Minist\u00e9rio da [&hellip;]<\/p>\n","protected":false},"author":2,"featured_media":11500,"comment_status":"closed","ping_status":"open","sticky":false,"template":"","format":"standard","meta":{"footnotes":""},"categories":[85],"tags":[],"class_list":["post-11501","post","type-post","status-publish","format-standard","has-post-thumbnail","hentry","category-noticias"],"_links":{"self":[{"href":"https:\/\/acontecenoreconcavo.com.br\/index.php\/wp-json\/wp\/v2\/posts\/11501","targetHints":{"allow":["GET"]}}],"collection":[{"href":"https:\/\/acontecenoreconcavo.com.br\/index.php\/wp-json\/wp\/v2\/posts"}],"about":[{"href":"https:\/\/acontecenoreconcavo.com.br\/index.php\/wp-json\/wp\/v2\/types\/post"}],"author":[{"embeddable":true,"href":"https:\/\/acontecenoreconcavo.com.br\/index.php\/wp-json\/wp\/v2\/users\/2"}],"replies":[{"embeddable":true,"href":"https:\/\/acontecenoreconcavo.com.br\/index.php\/wp-json\/wp\/v2\/comments?post=11501"}],"version-history":[{"count":1,"href":"https:\/\/acontecenoreconcavo.com.br\/index.php\/wp-json\/wp\/v2\/posts\/11501\/revisions"}],"predecessor-version":[{"id":11502,"href":"https:\/\/acontecenoreconcavo.com.br\/index.php\/wp-json\/wp\/v2\/posts\/11501\/revisions\/11502"}],"wp:featuredmedia":[{"embeddable":true,"href":"https:\/\/acontecenoreconcavo.com.br\/index.php\/wp-json\/wp\/v2\/media\/11500"}],"wp:attachment":[{"href":"https:\/\/acontecenoreconcavo.com.br\/index.php\/wp-json\/wp\/v2\/media?parent=11501"}],"wp:term":[{"taxonomy":"category","embeddable":true,"href":"https:\/\/acontecenoreconcavo.com.br\/index.php\/wp-json\/wp\/v2\/categories?post=11501"},{"taxonomy":"post_tag","embeddable":true,"href":"https:\/\/acontecenoreconcavo.com.br\/index.php\/wp-json\/wp\/v2\/tags?post=11501"}],"curies":[{"name":"wp","href":"https:\/\/api.w.org\/{rel}","templated":true}]}}